{"id":457,"date":"2018-03-09T17:46:46","date_gmt":"2018-03-09T16:46:46","guid":{"rendered":"https:\/\/www.sosav.fr\/blog\/?p=457"},"modified":"2024-03-11T10:08:43","modified_gmt":"2024-03-11T09:08:43","slug":"dans-une-galaxy-pas-si-lointaine-le-s9-sest-fait-de-mon-ter-par-sosav-d","status":"publish","type":"post","link":"https:\/\/sosav.fr\/blog\/actu\/dans-une-galaxy-pas-si-lointaine-le-s9-sest-fait-de-mon-ter-par-sosav-d.html","title":{"rendered":"Dans une Galaxy pas si lointaine, le S9+ s&rsquo;est fait D\u00c9-MON-TER par SOSav :D"},"content":{"rendered":"<p>Far Far Away&#8230; Euh non en Cor\u00e9e ? Non plus ! En France, en \u00cele-de-France m\u00eame ! Nous n&rsquo;avons pas eu besoin de traverser la Galaxie<i>\u00a0(et heureusement, on a pas d&rsquo;astronaute dans l&rsquo;\u00e9quipe, #blaguenulle #onassumequ\u00e0moiti\u00e9cestpour\u00e7aquecest\u00e9critentoutpetit)<\/i>\u00a0pour avoir le Saint Graal : le Galaxy S9+\u00a0!<br \/>\nChez SOSav, nous r\u00e9servons toujours un accueil chaleureux aux nouveaux arrivants. Le Galaxy S9+ n&rsquo;\u00e9chappera pas \u00e0 la r\u00e8gle et est d\u00e9j\u00e0 pass\u00e9 sur le billot ! Ha Ha Ha\u00a0<i>(rires sadiques)<\/i><\/p>\n<p><!--more--><\/p>\n<h2>L&rsquo;attaque des clones, le retour !<\/h2>\n<p>Vous connaissez d\u00e9j\u00e0 le Galaxy S8+ qui a fait sensation il y a un an ? Vous allez \u00eatre \u00e9tonn\u00e9s par toutes les nouveaut\u00e9s et l&rsquo;inventivit\u00e9 de Samsung avec ce Galaxy S9+ !<\/p>\n<p><i>Nan, on rigoooooole !\u00a0<\/i><\/p>\n<p>C&rsquo;est presque devenu une habitude avec les nouvelles sorties de smartphones. L&rsquo;iPhone 8 \u00e9tait d\u00e9j\u00e0 un clone de l&rsquo;iPhone 7&#8230; Samsung ne fait pas mieux ici ! Au moins, ils se sont mis d&rsquo;accord sur ce point (:troll:)<\/p>\n<p align=\" center \"><iframe loading=\"lazy\" src=\"https:\/\/www.youtube.com\/embed\/ZOAdPv7aDy0\" width=\"560\" height=\"315\" frameborder=\"0\" allowfullscreen=\"allowfullscreen\"><\/iframe><\/p>\n<p><b>Premier constat :<\/b>\u00a0le d\u00e9montage s&rsquo;op\u00e8re de la m\u00eame mani\u00e8re que le Galaxy S8+. Il faut\u00a0<b>chauffer la face arri\u00e8re pour la d\u00e9coller et acc\u00e9der aux entrailles de la b\u00eate<\/b>\u00a0! Il faut faire attention\u00a0\u00e0 ne pas couper la nappe capteur empreinte digitale coll\u00e9e sur la vitre arri\u00e8re.<\/p>\n<p>La suite ?\u00a0<i>Bis Repetita Placent&#8230; Ouais, avoir fait latin en 5\u00e8me, \u00e7a sert hein !<\/i>\u00a0Bon en vrai, chez Samsung, c&rsquo;est on prend les m\u00eames et on recommence puisque \u00e7a fonctionne !<\/p>\n<p>Chez SOSav, on a la chance d&rsquo;avoir le meilleur technicien de France\u00a0<i>(oui oui, on l&rsquo;a \u00e9lu, comme pour les ouvriers de France\u00a0! Source : nous (c&rsquo;est dire si c&rsquo;est fiable))<\/i>, et l&rsquo;op\u00e9ration d\u00e9montage du Galaxy S9+ se passe \u00e0 merveille entre ses mains expertes. Pour un habitu\u00e9 de la r\u00e9paration et du Galaxy S8, rien de neuf sous le soleil \u00e0 priori !<\/p>\n<h2>Au fil de l&rsquo;eau, #D\u00e9montageLive<\/h2>\n<p>Samsung a fait le choix de\u00a0<b>conserver le type de vis cruciformes pour maintenir tous les \u00e9l\u00e9ments du S9+\u00a0<\/b>(comme pour les pr\u00e9c\u00e9dents)\u00a0contrairement \u00e0 Apple qui a choisi\u00a0des vis cruciformes, triwing et pentalobes\/rivet\u00e9es.<\/p>\n<p>Niveau similitude, le capteur d&#8217;empreinte est identique mais pas fix\u00e9\u00a0de la m\u00eame mani\u00e8re. La nappe NFC reste amovible. Et la batterie ? Quasi tout pareil on vous dit ! Pas de languette<i>\u00a0(sur le S8 non plus)\u00a0<\/i>mais facile \u00e0 retirer avec une carte plastique apr\u00e8s l&rsquo;avoir chauff\u00e9e l\u00e9g\u00e8rement.\u00a0\u00a0Et d&rsquo;ailleurs, on a fait le test, le<b>\u00a0Galaxy S9+ s&rsquo;allume avec la batterie du S8+<\/b>\u00a0: c&rsquo;est le m\u00eame connecteur et la m\u00eame polarit\u00e9, mais la batterie du S8+ est l\u00e9g\u00e8rement plus grande, l&#8217;emp\u00eachant de se glisser dans le ch\u00e2ssis du S9+.<\/p>\n<p>Autre point commun :\u00a0<b>le vibreur<\/b>\u00a0! L\u00e9g\u00e8rement plus \u00e9pais sur le S9+\u00a0<i>(\u00e7a se joue \u00e0 0,1\u00a0millim\u00e8tre !)<\/i>, mais celui du S8+ se monte et fonctionne parfaitement dessus car les contacteurs sont identiques.<\/p>\n<p><b>L&rsquo;\u00e9cran du S8+ se connecte sur la carte m\u00e8re du S9+ et&#8230; \u00d4 Rage, \u00d4 D\u00e9sespoir\u00a0! Ca ne s&rsquo;allume pas. Le connecteur est identique, mais \u00e7a s&rsquo;arr\u00eate l\u00e0.<\/b><\/p>\n<p><img loading=\"lazy\" decoding=\"async\" class=\"aligncenter size-large wp-image-459\" src=\"https:\/\/www.sosav.fr\/blog\/wp-content\/uploads\/2018\/05\/ecran-galaxy-s8-s9-1024x683.jpg\" alt=\"ecran galaxy s8 - s9\" width=\"840\" height=\"560\" srcset=\"https:\/\/sosav.fr\/blog\/wp-content\/uploads\/2018\/05\/ecran-galaxy-s8-s9-1024x683.jpg 1024w, https:\/\/sosav.fr\/blog\/wp-content\/uploads\/2018\/05\/ecran-galaxy-s8-s9-300x200.jpg 300w, https:\/\/sosav.fr\/blog\/wp-content\/uploads\/2018\/05\/ecran-galaxy-s8-s9-768x512.jpg 768w, https:\/\/sosav.fr\/blog\/wp-content\/uploads\/2018\/05\/ecran-galaxy-s8-s9.jpg 1080w\" sizes=\"auto, (max-width: 840px) 100vw, 840px\" \/><\/p>\n<h2>LA nouveaut\u00e9 : cam\u00e9ra arri\u00e8re \u00e0 ouverture variable<\/h2>\n<p><i>Le S9 a fini en pi\u00e8ces sur notre plan de travail avant de pouvoir tester la qualit\u00e9 photo&#8230; Ah Ah.<\/i><\/p>\n<p>La<b>\u00a0technologie d&rsquo;ouverture variable ajout\u00e9e par Samsung ici sur cet appareil photo ne change\u00a0rien au remplacement de la cam\u00e9ra<\/b>, puisque le bloc a peut-\u00eatre une forme l\u00e9g\u00e8rement diff\u00e9rente, mais le concept reste le m\u00eame que d&rsquo;habitude.<\/p>\n<p>Est-ce qu&rsquo;il y a davantage de risques de panne avec ce nouvel objectif ? Pas de raison de le penser ! Cela ne tombe pas particuli\u00e8rement en panne sur les appareils photos classiques. Et en cas de probl\u00e8me, il ne sera pas plus difficile de remplacer la cam\u00e9ra que sur un Galaxy S6 \/ S7 \/ S8.<\/p>\n<p><img loading=\"lazy\" decoding=\"async\" class=\"aligncenter size-large wp-image-460\" src=\"https:\/\/www.sosav.fr\/blog\/wp-content\/uploads\/2018\/05\/camera-s8-s9-1024x683.jpg\" alt=\"camera s8 - s9\" width=\"840\" height=\"560\" srcset=\"https:\/\/sosav.fr\/blog\/wp-content\/uploads\/2018\/05\/camera-s8-s9-1024x683.jpg 1024w, https:\/\/sosav.fr\/blog\/wp-content\/uploads\/2018\/05\/camera-s8-s9-300x200.jpg 300w, https:\/\/sosav.fr\/blog\/wp-content\/uploads\/2018\/05\/camera-s8-s9-768x512.jpg 768w, https:\/\/sosav.fr\/blog\/wp-content\/uploads\/2018\/05\/camera-s8-s9.jpg 1080w\" sizes=\"auto, (max-width: 840px) 100vw, 840px\" \/><\/p>\n<h2>Le mot de la fin pour notre technicien\u00a0 : d\u00e9montage termin\u00e9 en moins d&rsquo;1h<\/h2>\n<p>Pour les habitu\u00e9s de la r\u00e9paration et ceux qui ont d\u00e9j\u00e0 d\u00e9mont\u00e9 le S8+ (voire le S6\/S7), le\u00a0<b>Galaxy S9+ ne pr\u00e9sente pas de difficult\u00e9s particuli\u00e8res\u00a0<\/b>!\u00a0 Certes, ces derniers mod\u00e8les de Samsung sont plus compliqu\u00e9s \u00e0 ouvrir que les premi\u00e8re g\u00e9n\u00e9rations\u00a0mais aucune surprise point de vue d\u00e9montage car Samsung reprend le m\u00eame sch\u00e9ma d&rsquo;une ann\u00e9e sur l&rsquo;autre.<\/p>\n<p style=\"text-align: center;\"><strong>Note finale : 7\/10 pour sa r\u00e9parabilit\u00e9 !<\/strong><\/p>\n<p><img loading=\"lazy\" decoding=\"async\" class=\"aligncenter size-large wp-image-461\" src=\"https:\/\/www.sosav.fr\/blog\/wp-content\/uploads\/2018\/05\/Vu-de-haut-1024x683.jpg\" alt=\"galaxy s9 d\u00e9mont\u00e9\" width=\"840\" height=\"560\" srcset=\"https:\/\/sosav.fr\/blog\/wp-content\/uploads\/2018\/05\/Vu-de-haut-1024x683.jpg 1024w, https:\/\/sosav.fr\/blog\/wp-content\/uploads\/2018\/05\/Vu-de-haut-300x200.jpg 300w, https:\/\/sosav.fr\/blog\/wp-content\/uploads\/2018\/05\/Vu-de-haut-768x512.jpg 768w, https:\/\/sosav.fr\/blog\/wp-content\/uploads\/2018\/05\/Vu-de-haut.jpg 1080w\" sizes=\"auto, (max-width: 840px) 100vw, 840px\" \/><\/p>\n<p>&nbsp;<\/p>\n<p style=\"text-align: center;\"><a href=\"https:\/\/www.sosav.fr\/guides\/mobiles\/samsung\/galaxy-s9plus\/demontage-complet\/\" target=\"_blank\" rel=\"noopener\"><span style=\"color: #91be21;\"><strong>&gt;&gt;Retrouvez notre d\u00e9montage complet ici &lt;&lt;<\/strong><\/span><\/a><\/p>\n","protected":false},"excerpt":{"rendered":"<p>Far Far Away&#8230; Euh non en Cor\u00e9e ? Non plus ! En France, en \u00cele-de-France m\u00eame ! Nous n&rsquo;avons pas eu besoin de traverser la [&#8230;]<\/p>\n","protected":false},"author":1,"featured_media":458,"comment_status":"open","ping_status":"open","sticky":false,"template":"","format":"standard","meta":{"footnotes":""},"categories":[345],"tags":[351,352,350,353],"class_list":["post-457","post","type-post","status-publish","format-standard","has-post-thumbnail","hentry","category-actu","tag-demontage-galaxy-s9-plus","tag-demonter-son-galaxy-s9","tag-reparer-son-galaxy-s9","tag-teardwon-galaxy-s9"],"yoast_head":"<!-- This site is optimized with the Yoast SEO plugin v27.2 - https:\/\/yoast.com\/product\/yoast-seo-wordpress\/ -->\n<title>Dans une Galaxy pas si lointaine, le S9+ s&#039;est fait D\u00c9-MON-TER par SOSav :D - Blog SOSav<\/title>\n<meta name=\"robots\" content=\"index, follow, max-snippet:-1, max-image-preview:large, max-video-preview:-1\" \/>\n<link rel=\"canonical\" href=\"https:\/\/sosav.fr\/blog\/actu\/dans-une-galaxy-pas-si-lointaine-le-s9-sest-fait-de-mon-ter-par-sosav-d.html\" \/>\n<meta property=\"og:locale\" content=\"fr_FR\" \/>\n<meta property=\"og:type\" content=\"article\" \/>\n<meta property=\"og:title\" content=\"Dans une Galaxy pas si lointaine, le S9+ s&#039;est fait D\u00c9-MON-TER par SOSav :D - Blog SOSav\" \/>\n<meta property=\"og:description\" content=\"Far Far Away&#8230; Euh non en Cor\u00e9e ? Non plus ! En France, en \u00cele-de-France m\u00eame ! Nous n&rsquo;avons pas eu besoin de traverser la [...]\" \/>\n<meta property=\"og:url\" content=\"https:\/\/sosav.fr\/blog\/actu\/dans-une-galaxy-pas-si-lointaine-le-s9-sest-fait-de-mon-ter-par-sosav-d.html\" \/>\n<meta property=\"og:site_name\" content=\"Blog SOSav\" \/>\n<meta property=\"article:published_time\" content=\"2018-03-09T16:46:46+00:00\" \/>\n<meta property=\"article:modified_time\" content=\"2024-03-11T09:08:43+00:00\" \/>\n<meta property=\"og:image\" content=\"https:\/\/sosav.fr\/blog\/wp-content\/uploads\/2018\/05\/galasy-x9-plus-demontage-sosav.jpg\" \/>\n\t<meta property=\"og:image:width\" content=\"850\" \/>\n\t<meta property=\"og:image:height\" content=\"425\" \/>\n\t<meta property=\"og:image:type\" content=\"image\/jpeg\" \/>\n<meta name=\"author\" content=\"admin\" \/>\n<meta name=\"twitter:card\" content=\"summary_large_image\" \/>\n<meta name=\"twitter:label1\" content=\"\u00c9crit par\" \/>\n\t<meta name=\"twitter:data1\" content=\"admin\" \/>\n\t<meta name=\"twitter:label2\" content=\"Dur\u00e9e de lecture estim\u00e9e\" \/>\n\t<meta name=\"twitter:data2\" content=\"4 minutes\" \/>\n<script type=\"application\/ld+json\" class=\"yoast-schema-graph\">{\"@context\":\"https:\/\/schema.org\",\"@graph\":[{\"@type\":\"Article\",\"@id\":\"https:\/\/sosav.fr\/blog\/actu\/dans-une-galaxy-pas-si-lointaine-le-s9-sest-fait-de-mon-ter-par-sosav-d.html#article\",\"isPartOf\":{\"@id\":\"https:\/\/sosav.fr\/blog\/actu\/dans-une-galaxy-pas-si-lointaine-le-s9-sest-fait-de-mon-ter-par-sosav-d.html\"},\"author\":{\"name\":\"admin\",\"@id\":\"https:\/\/sosav.fr\/blog\/#\/schema\/person\/bf931cb93460653e4165cd2602996c02\"},\"headline\":\"Dans une Galaxy pas si lointaine, le S9+ s&rsquo;est fait D\u00c9-MON-TER par SOSav :D\",\"datePublished\":\"2018-03-09T16:46:46+00:00\",\"dateModified\":\"2024-03-11T09:08:43+00:00\",\"mainEntityOfPage\":{\"@id\":\"https:\/\/sosav.fr\/blog\/actu\/dans-une-galaxy-pas-si-lointaine-le-s9-sest-fait-de-mon-ter-par-sosav-d.html\"},\"wordCount\":799,\"commentCount\":1,\"publisher\":{\"@id\":\"https:\/\/sosav.fr\/blog\/#organization\"},\"image\":{\"@id\":\"https:\/\/sosav.fr\/blog\/actu\/dans-une-galaxy-pas-si-lointaine-le-s9-sest-fait-de-mon-ter-par-sosav-d.html#primaryimage\"},\"thumbnailUrl\":\"https:\/\/sosav.fr\/blog\/wp-content\/uploads\/2018\/05\/galasy-x9-plus-demontage-sosav.jpg\",\"keywords\":[\"demontage galaxy s9 plus\",\"demonter son galaxy s9\",\"reparer son galaxy s9\",\"teardwon galaxy s9\"],\"articleSection\":[\"Actu\"],\"inLanguage\":\"fr-FR\",\"potentialAction\":[{\"@type\":\"CommentAction\",\"name\":\"Comment\",\"target\":[\"https:\/\/sosav.fr\/blog\/actu\/dans-une-galaxy-pas-si-lointaine-le-s9-sest-fait-de-mon-ter-par-sosav-d.html#respond\"]}]},{\"@type\":\"WebPage\",\"@id\":\"https:\/\/sosav.fr\/blog\/actu\/dans-une-galaxy-pas-si-lointaine-le-s9-sest-fait-de-mon-ter-par-sosav-d.html\",\"url\":\"https:\/\/sosav.fr\/blog\/actu\/dans-une-galaxy-pas-si-lointaine-le-s9-sest-fait-de-mon-ter-par-sosav-d.html\",\"name\":\"Dans une Galaxy pas si lointaine, le S9+ s'est fait D\u00c9-MON-TER par SOSav :D - Blog SOSav\",\"isPartOf\":{\"@id\":\"https:\/\/sosav.fr\/blog\/#website\"},\"primaryImageOfPage\":{\"@id\":\"https:\/\/sosav.fr\/blog\/actu\/dans-une-galaxy-pas-si-lointaine-le-s9-sest-fait-de-mon-ter-par-sosav-d.html#primaryimage\"},\"image\":{\"@id\":\"https:\/\/sosav.fr\/blog\/actu\/dans-une-galaxy-pas-si-lointaine-le-s9-sest-fait-de-mon-ter-par-sosav-d.html#primaryimage\"},\"thumbnailUrl\":\"https:\/\/sosav.fr\/blog\/wp-content\/uploads\/2018\/05\/galasy-x9-plus-demontage-sosav.jpg\",\"datePublished\":\"2018-03-09T16:46:46+00:00\",\"dateModified\":\"2024-03-11T09:08:43+00:00\",\"breadcrumb\":{\"@id\":\"https:\/\/sosav.fr\/blog\/actu\/dans-une-galaxy-pas-si-lointaine-le-s9-sest-fait-de-mon-ter-par-sosav-d.html#breadcrumb\"},\"inLanguage\":\"fr-FR\",\"potentialAction\":[{\"@type\":\"ReadAction\",\"target\":[\"https:\/\/sosav.fr\/blog\/actu\/dans-une-galaxy-pas-si-lointaine-le-s9-sest-fait-de-mon-ter-par-sosav-d.html\"]}]},{\"@type\":\"ImageObject\",\"inLanguage\":\"fr-FR\",\"@id\":\"https:\/\/sosav.fr\/blog\/actu\/dans-une-galaxy-pas-si-lointaine-le-s9-sest-fait-de-mon-ter-par-sosav-d.html#primaryimage\",\"url\":\"https:\/\/sosav.fr\/blog\/wp-content\/uploads\/2018\/05\/galasy-x9-plus-demontage-sosav.jpg\",\"contentUrl\":\"https:\/\/sosav.fr\/blog\/wp-content\/uploads\/2018\/05\/galasy-x9-plus-demontage-sosav.jpg\",\"width\":850,\"height\":425,\"caption\":\"galasy x9 plus demontage sosav\"},{\"@type\":\"BreadcrumbList\",\"@id\":\"https:\/\/sosav.fr\/blog\/actu\/dans-une-galaxy-pas-si-lointaine-le-s9-sest-fait-de-mon-ter-par-sosav-d.html#breadcrumb\",\"itemListElement\":[{\"@type\":\"ListItem\",\"position\":1,\"name\":\"Accueil\",\"item\":\"https:\/\/sosav.fr\/blog\"},{\"@type\":\"ListItem\",\"position\":2,\"name\":\"Dans une Galaxy pas si lointaine, le S9+ s&rsquo;est fait D\u00c9-MON-TER par SOSav :D\"}]},{\"@type\":\"WebSite\",\"@id\":\"https:\/\/sosav.fr\/blog\/#website\",\"url\":\"https:\/\/sosav.fr\/blog\/\",\"name\":\"Blog SOSav\",\"description\":\"Bienvenue sur notre blog\",\"publisher\":{\"@id\":\"https:\/\/sosav.fr\/blog\/#organization\"},\"potentialAction\":[{\"@type\":\"SearchAction\",\"target\":{\"@type\":\"EntryPoint\",\"urlTemplate\":\"https:\/\/sosav.fr\/blog\/?s={search_term_string}\"},\"query-input\":{\"@type\":\"PropertyValueSpecification\",\"valueRequired\":true,\"valueName\":\"search_term_string\"}}],\"inLanguage\":\"fr-FR\"},{\"@type\":\"Organization\",\"@id\":\"https:\/\/sosav.fr\/blog\/#organization\",\"name\":\"Blog SOSav\",\"url\":\"https:\/\/sosav.fr\/blog\/\",\"logo\":{\"@type\":\"ImageObject\",\"inLanguage\":\"fr-FR\",\"@id\":\"https:\/\/sosav.fr\/blog\/#\/schema\/logo\/image\/\",\"url\":\"https:\/\/sosav.fr\/blog\/wp-content\/uploads\/2023\/07\/cropped-sosav-logo-1685435293.png\",\"contentUrl\":\"https:\/\/sosav.fr\/blog\/wp-content\/uploads\/2023\/07\/cropped-sosav-logo-1685435293.png\",\"width\":538,\"height\":148,\"caption\":\"Blog SOSav\"},\"image\":{\"@id\":\"https:\/\/sosav.fr\/blog\/#\/schema\/logo\/image\/\"}},{\"@type\":\"Person\",\"@id\":\"https:\/\/sosav.fr\/blog\/#\/schema\/person\/bf931cb93460653e4165cd2602996c02\",\"name\":\"admin\",\"image\":{\"@type\":\"ImageObject\",\"inLanguage\":\"fr-FR\",\"@id\":\"https:\/\/secure.gravatar.com\/avatar\/40e8867685a920ec3efca9ae2e3ac74eb34799b93f6505b811e646175419f9da?s=96&d=mm&r=g\",\"url\":\"https:\/\/secure.gravatar.com\/avatar\/40e8867685a920ec3efca9ae2e3ac74eb34799b93f6505b811e646175419f9da?s=96&d=mm&r=g\",\"contentUrl\":\"https:\/\/secure.gravatar.com\/avatar\/40e8867685a920ec3efca9ae2e3ac74eb34799b93f6505b811e646175419f9da?s=96&d=mm&r=g\",\"caption\":\"admin\"},\"url\":\"https:\/\/sosav.fr\/blog\/actu\/author\/admin\"}]}<\/script>\n<!-- \/ Yoast SEO plugin. -->","yoast_head_json":{"title":"Dans une Galaxy pas si lointaine, le S9+ s'est fait D\u00c9-MON-TER par SOSav :D - Blog SOSav","robots":{"index":"index","follow":"follow","max-snippet":"max-snippet:-1","max-image-preview":"max-image-preview:large","max-video-preview":"max-video-preview:-1"},"canonical":"https:\/\/sosav.fr\/blog\/actu\/dans-une-galaxy-pas-si-lointaine-le-s9-sest-fait-de-mon-ter-par-sosav-d.html","og_locale":"fr_FR","og_type":"article","og_title":"Dans une Galaxy pas si lointaine, le S9+ s'est fait D\u00c9-MON-TER par SOSav :D - Blog SOSav","og_description":"Far Far Away&#8230; Euh non en Cor\u00e9e ? Non plus ! En France, en \u00cele-de-France m\u00eame ! Nous n&rsquo;avons pas eu besoin de traverser la [...]","og_url":"https:\/\/sosav.fr\/blog\/actu\/dans-une-galaxy-pas-si-lointaine-le-s9-sest-fait-de-mon-ter-par-sosav-d.html","og_site_name":"Blog SOSav","article_published_time":"2018-03-09T16:46:46+00:00","article_modified_time":"2024-03-11T09:08:43+00:00","og_image":[{"width":850,"height":425,"url":"https:\/\/sosav.fr\/blog\/wp-content\/uploads\/2018\/05\/galasy-x9-plus-demontage-sosav.jpg","type":"image\/jpeg"}],"author":"admin","twitter_card":"summary_large_image","twitter_misc":{"\u00c9crit par":"admin","Dur\u00e9e de lecture estim\u00e9e":"4 minutes"},"schema":{"@context":"https:\/\/schema.org","@graph":[{"@type":"Article","@id":"https:\/\/sosav.fr\/blog\/actu\/dans-une-galaxy-pas-si-lointaine-le-s9-sest-fait-de-mon-ter-par-sosav-d.html#article","isPartOf":{"@id":"https:\/\/sosav.fr\/blog\/actu\/dans-une-galaxy-pas-si-lointaine-le-s9-sest-fait-de-mon-ter-par-sosav-d.html"},"author":{"name":"admin","@id":"https:\/\/sosav.fr\/blog\/#\/schema\/person\/bf931cb93460653e4165cd2602996c02"},"headline":"Dans une Galaxy pas si lointaine, le S9+ s&rsquo;est fait D\u00c9-MON-TER par SOSav :D","datePublished":"2018-03-09T16:46:46+00:00","dateModified":"2024-03-11T09:08:43+00:00","mainEntityOfPage":{"@id":"https:\/\/sosav.fr\/blog\/actu\/dans-une-galaxy-pas-si-lointaine-le-s9-sest-fait-de-mon-ter-par-sosav-d.html"},"wordCount":799,"commentCount":1,"publisher":{"@id":"https:\/\/sosav.fr\/blog\/#organization"},"image":{"@id":"https:\/\/sosav.fr\/blog\/actu\/dans-une-galaxy-pas-si-lointaine-le-s9-sest-fait-de-mon-ter-par-sosav-d.html#primaryimage"},"thumbnailUrl":"https:\/\/sosav.fr\/blog\/wp-content\/uploads\/2018\/05\/galasy-x9-plus-demontage-sosav.jpg","keywords":["demontage galaxy s9 plus","demonter son galaxy s9","reparer son galaxy s9","teardwon galaxy s9"],"articleSection":["Actu"],"inLanguage":"fr-FR","potentialAction":[{"@type":"CommentAction","name":"Comment","target":["https:\/\/sosav.fr\/blog\/actu\/dans-une-galaxy-pas-si-lointaine-le-s9-sest-fait-de-mon-ter-par-sosav-d.html#respond"]}]},{"@type":"WebPage","@id":"https:\/\/sosav.fr\/blog\/actu\/dans-une-galaxy-pas-si-lointaine-le-s9-sest-fait-de-mon-ter-par-sosav-d.html","url":"https:\/\/sosav.fr\/blog\/actu\/dans-une-galaxy-pas-si-lointaine-le-s9-sest-fait-de-mon-ter-par-sosav-d.html","name":"Dans une Galaxy pas si lointaine, le S9+ s'est fait D\u00c9-MON-TER par SOSav :D - Blog SOSav","isPartOf":{"@id":"https:\/\/sosav.fr\/blog\/#website"},"primaryImageOfPage":{"@id":"https:\/\/sosav.fr\/blog\/actu\/dans-une-galaxy-pas-si-lointaine-le-s9-sest-fait-de-mon-ter-par-sosav-d.html#primaryimage"},"image":{"@id":"https:\/\/sosav.fr\/blog\/actu\/dans-une-galaxy-pas-si-lointaine-le-s9-sest-fait-de-mon-ter-par-sosav-d.html#primaryimage"},"thumbnailUrl":"https:\/\/sosav.fr\/blog\/wp-content\/uploads\/2018\/05\/galasy-x9-plus-demontage-sosav.jpg","datePublished":"2018-03-09T16:46:46+00:00","dateModified":"2024-03-11T09:08:43+00:00","breadcrumb":{"@id":"https:\/\/sosav.fr\/blog\/actu\/dans-une-galaxy-pas-si-lointaine-le-s9-sest-fait-de-mon-ter-par-sosav-d.html#breadcrumb"},"inLanguage":"fr-FR","potentialAction":[{"@type":"ReadAction","target":["https:\/\/sosav.fr\/blog\/actu\/dans-une-galaxy-pas-si-lointaine-le-s9-sest-fait-de-mon-ter-par-sosav-d.html"]}]},{"@type":"ImageObject","inLanguage":"fr-FR","@id":"https:\/\/sosav.fr\/blog\/actu\/dans-une-galaxy-pas-si-lointaine-le-s9-sest-fait-de-mon-ter-par-sosav-d.html#primaryimage","url":"https:\/\/sosav.fr\/blog\/wp-content\/uploads\/2018\/05\/galasy-x9-plus-demontage-sosav.jpg","contentUrl":"https:\/\/sosav.fr\/blog\/wp-content\/uploads\/2018\/05\/galasy-x9-plus-demontage-sosav.jpg","width":850,"height":425,"caption":"galasy x9 plus demontage sosav"},{"@type":"BreadcrumbList","@id":"https:\/\/sosav.fr\/blog\/actu\/dans-une-galaxy-pas-si-lointaine-le-s9-sest-fait-de-mon-ter-par-sosav-d.html#breadcrumb","itemListElement":[{"@type":"ListItem","position":1,"name":"Accueil","item":"https:\/\/sosav.fr\/blog"},{"@type":"ListItem","position":2,"name":"Dans une Galaxy pas si lointaine, le S9+ s&rsquo;est fait D\u00c9-MON-TER par SOSav :D"}]},{"@type":"WebSite","@id":"https:\/\/sosav.fr\/blog\/#website","url":"https:\/\/sosav.fr\/blog\/","name":"Blog SOSav","description":"Bienvenue sur notre blog","publisher":{"@id":"https:\/\/sosav.fr\/blog\/#organization"},"potentialAction":[{"@type":"SearchAction","target":{"@type":"EntryPoint","urlTemplate":"https:\/\/sosav.fr\/blog\/?s={search_term_string}"},"query-input":{"@type":"PropertyValueSpecification","valueRequired":true,"valueName":"search_term_string"}}],"inLanguage":"fr-FR"},{"@type":"Organization","@id":"https:\/\/sosav.fr\/blog\/#organization","name":"Blog SOSav","url":"https:\/\/sosav.fr\/blog\/","logo":{"@type":"ImageObject","inLanguage":"fr-FR","@id":"https:\/\/sosav.fr\/blog\/#\/schema\/logo\/image\/","url":"https:\/\/sosav.fr\/blog\/wp-content\/uploads\/2023\/07\/cropped-sosav-logo-1685435293.png","contentUrl":"https:\/\/sosav.fr\/blog\/wp-content\/uploads\/2023\/07\/cropped-sosav-logo-1685435293.png","width":538,"height":148,"caption":"Blog SOSav"},"image":{"@id":"https:\/\/sosav.fr\/blog\/#\/schema\/logo\/image\/"}},{"@type":"Person","@id":"https:\/\/sosav.fr\/blog\/#\/schema\/person\/bf931cb93460653e4165cd2602996c02","name":"admin","image":{"@type":"ImageObject","inLanguage":"fr-FR","@id":"https:\/\/secure.gravatar.com\/avatar\/40e8867685a920ec3efca9ae2e3ac74eb34799b93f6505b811e646175419f9da?s=96&d=mm&r=g","url":"https:\/\/secure.gravatar.com\/avatar\/40e8867685a920ec3efca9ae2e3ac74eb34799b93f6505b811e646175419f9da?s=96&d=mm&r=g","contentUrl":"https:\/\/secure.gravatar.com\/avatar\/40e8867685a920ec3efca9ae2e3ac74eb34799b93f6505b811e646175419f9da?s=96&d=mm&r=g","caption":"admin"},"url":"https:\/\/sosav.fr\/blog\/actu\/author\/admin"}]}},"_links":{"self":[{"href":"https:\/\/sosav.fr\/blog\/wp-json\/wp\/v2\/posts\/457","targetHints":{"allow":["GET"]}}],"collection":[{"href":"https:\/\/sosav.fr\/blog\/wp-json\/wp\/v2\/posts"}],"about":[{"href":"https:\/\/sosav.fr\/blog\/wp-json\/wp\/v2\/types\/post"}],"author":[{"embeddable":true,"href":"https:\/\/sosav.fr\/blog\/wp-json\/wp\/v2\/users\/1"}],"replies":[{"embeddable":true,"href":"https:\/\/sosav.fr\/blog\/wp-json\/wp\/v2\/comments?post=457"}],"version-history":[{"count":3,"href":"https:\/\/sosav.fr\/blog\/wp-json\/wp\/v2\/posts\/457\/revisions"}],"predecessor-version":[{"id":514,"href":"https:\/\/sosav.fr\/blog\/wp-json\/wp\/v2\/posts\/457\/revisions\/514"}],"wp:featuredmedia":[{"embeddable":true,"href":"https:\/\/sosav.fr\/blog\/wp-json\/wp\/v2\/media\/458"}],"wp:attachment":[{"href":"https:\/\/sosav.fr\/blog\/wp-json\/wp\/v2\/media?parent=457"}],"wp:term":[{"taxonomy":"category","embeddable":true,"href":"https:\/\/sosav.fr\/blog\/wp-json\/wp\/v2\/categories?post=457"},{"taxonomy":"post_tag","embeddable":true,"href":"https:\/\/sosav.fr\/blog\/wp-json\/wp\/v2\/tags?post=457"}],"curies":[{"name":"wp","href":"https:\/\/api.w.org\/{rel}","templated":true}]}}